{"id":3180,"date":"2014-10-16T11:14:06","date_gmt":"2014-10-16T09:14:06","guid":{"rendered":"http:\/\/annaburzynska.pl\/others\/strefa-ZOO\/?p=3180"},"modified":"2016-01-09T13:59:19","modified_gmt":"2016-01-09T12:59:19","slug":"aquazoo-salon-zoologiczny-w-poznaniu","status":"publish","type":"post","link":"http:\/\/annaburzynska.pl\/others\/strefa-ZOO\/aquazoo-salon-zoologiczny-w-poznaniu\/","title":{"rendered":"Aqua&#038;ZOO &#8211; salon zoologiczny w Poznaniu"},"content":{"rendered":"<p><img loading=\"lazy\" class=\"alignleft size-medium wp-image-3189\" title=\"baner_aquazoo2014_1280x720S\" src=\"http:\/\/annaburzynska.pl\/others\/strefa-ZOO\/wp-content\/uploads\/baner_aquazoo2014_1280x720S-300x168.jpg\" alt=\"\" width=\"300\" height=\"168\" srcset=\"http:\/\/annaburzynska.pl\/others\/strefa-ZOO\/wp-content\/uploads\/baner_aquazoo2014_1280x720S-300x168.jpg 300w, http:\/\/annaburzynska.pl\/others\/strefa-ZOO\/wp-content\/uploads\/baner_aquazoo2014_1280x720S-1024x576.jpg 1024w, http:\/\/annaburzynska.pl\/others\/strefa-ZOO\/wp-content\/uploads\/baner_aquazoo2014_1280x720S-148x83.jpg 148w, http:\/\/annaburzynska.pl\/others\/strefa-ZOO\/wp-content\/uploads\/baner_aquazoo2014_1280x720S-31x17.jpg 31w, http:\/\/annaburzynska.pl\/others\/strefa-ZOO\/wp-content\/uploads\/baner_aquazoo2014_1280x720S-38x21.jpg 38w, http:\/\/annaburzynska.pl\/others\/strefa-ZOO\/wp-content\/uploads\/baner_aquazoo2014_1280x720S-382x215.jpg 382w, http:\/\/annaburzynska.pl\/others\/strefa-ZOO\/wp-content\/uploads\/baner_aquazoo2014_1280x720S-100x56.jpg 100w, http:\/\/annaburzynska.pl\/others\/strefa-ZOO\/wp-content\/uploads\/baner_aquazoo2014_1280x720S.jpg 1280w\" sizes=\"(max-width: 300px) 100vw, 300px\" \/>Pozna\u0144 s\u0142ynie z targ\u00f3w. Targi zoologiczne a w\u0142a\u015bciwie Salon zoologiczny AQUA&amp;ZOO to kolejne miejsce spotka\u0144 bran\u017cy na kt\u00f3re zapraszam. To co najbardziej zainteresuje czytelnik\u00f3w mojej strony\u00a0 to prawdopodobnie <strong>Og\u00f3lnopolskie Forum Bran\u017cy Zoologicznej<\/strong><\/p>\n<p><!--more--><\/p>\n<p>W <strong>niedziel\u0119, 26 pa\u017adziernika w sali konferencyjnej w pawilonie nr 10<\/strong>. Podczas tego wydarzenie w\u0142a\u015bciciele<\/p>\n<p>niezrzeszonych w sieciach sklep\u00f3w zoologicznych b\u0119d\u0105 mogli spotka\u0107 si\u0119 z praktykami z bran\u017cy zoologicznej.<\/p>\n<p>Forum jest zorganizowane we wsp\u00f3\u0142pracy z licz\u0105cymi si\u0119 w bran\u017cy autorytetami. Partnerami wydarzenia s\u0105:<\/p>\n<p>czasopisma ZooBiznes, Rynek Zoologiczny i Magazyn Akwarium. W\u015br\u00f3d prelegent\u00f3w pojawi\u0105 si\u0119 m.in.: Mateusz Karatysz, Pawe\u0142 Zarzy\u0144ski, Krzysztof Burzy\u0144ski i Marek Borowi\u0144ski.<\/p>\n<p>Tak wiec zapraszam wszystkich zainteresowanych do Poznania. Wyk\u0142ad prowadzony przez mnie na temat &#8222;<strong>Dobry pracownik &#8211; Wyb\u00f3r czy przypadek&#8221;<\/strong><\/p>\n<p>odb\u0119dzie sie w\u00a0 godzinach. <strong>12.15- 12.40<\/strong>.<\/p>\n<div id=\"attachment_3014\" style=\"width: 158px\" class=\"wp-caption alignright\"><img aria-describedby=\"caption-attachment-3014\" loading=\"lazy\" class=\" wp-image-3014\" title=\"REKRUTACJA-Pracownik-szyty-na-miare_LOW\" src=\"http:\/\/annaburzynska.pl\/others\/strefa-ZOO\/wp-content\/uploads\/REKRUTACJA-Pracownik-szyty-na-miare_LOW-211x300.jpg\" alt=\"\" width=\"148\" height=\"210\" srcset=\"http:\/\/annaburzynska.pl\/others\/strefa-ZOO\/wp-content\/uploads\/REKRUTACJA-Pracownik-szyty-na-miare_LOW-211x300.jpg 211w, http:\/\/annaburzynska.pl\/others\/strefa-ZOO\/wp-content\/uploads\/REKRUTACJA-Pracownik-szyty-na-miare_LOW-104x148.jpg 104w, http:\/\/annaburzynska.pl\/others\/strefa-ZOO\/wp-content\/uploads\/REKRUTACJA-Pracownik-szyty-na-miare_LOW-21x31.jpg 21w, http:\/\/annaburzynska.pl\/others\/strefa-ZOO\/wp-content\/uploads\/REKRUTACJA-Pracownik-szyty-na-miare_LOW-26x38.jpg 26w, http:\/\/annaburzynska.pl\/others\/strefa-ZOO\/wp-content\/uploads\/REKRUTACJA-Pracownik-szyty-na-miare_LOW-151x215.jpg 151w, http:\/\/annaburzynska.pl\/others\/strefa-ZOO\/wp-content\/uploads\/REKRUTACJA-Pracownik-szyty-na-miare_LOW-70x100.jpg 70w, http:\/\/annaburzynska.pl\/others\/strefa-ZOO\/wp-content\/uploads\/REKRUTACJA-Pracownik-szyty-na-miare_LOW.jpg 400w\" sizes=\"(max-width: 148px) 100vw, 148px\" \/><p id=\"caption-attachment-3014\" class=\"wp-caption-text\">Wyk\u0142ad pod tym tytu\u0142em b\u0119dzie mo\u017cna pos\u0142ucha\u0107 a ksi\u0105\u017ck\u0119 b\u0119dzie mo\u017cna kupi\u0107.<\/p><\/div>\n<p>Zapraszam te\u017c oczywi\u015bcie przed i po wyk\u0142adach na spotkanie na stoisku Strefa ZOO\u00a0 <strong>(stoisko 22)<\/strong>&#8211; gdzie b\u0119dzie mo\u017cna porozmawia\u0107 o wszelkich zagadnieniach zwi\u0105zanych z zak\u0142adaniem i rozwijaniem sklepu zoologicznego. Oraz zakupi\u0107 produkty z tym zwiazane. Warto bo zawsze na czas targ\u00f3w ceny produkt\u00f3w mo\u017cna zakupi\u0107 o 50% taniej!<\/p>\n<p>Warto wi\u0119c pokusi\u0107 si\u0119 o przyjazd na targi.<\/p>\n<p>&nbsp;<\/p>\n<p>Pozostali go\u015bcie Forum to znakomici specjali\u015bci, kt\u00f3rzy zaprezentuj\u0105 skuteczne rozwi\u0105zania zwi\u0119kszaj\u0105ce konkurencyjno\u015b\u0107 na rynku oraz podpowiedz\u0105, jak wykorzysta\u0107 atuty ma\u0142opowierzchniownych sklep\u00f3w zoologicznych. Omawiane b\u0119d\u0105 r\u00f3wnie\u017c zagadnienia aran\u017cacji ekspozycji produkt\u00f3w i strategii komunikacji z klientem, kt\u00f3re bezpo\u015brednio wp\u0142yn\u0105 na zwi\u0119kszenie sprzeda\u017cy w plac\u00f3wkach.<\/p>\n<div style=\"width: 310px\" class=\"wp-caption alignnone\"><img loading=\"lazy\" title=\"jak za\u0142ozyc sklep zoo-naglowek-kompleks.\" src=\"http:\/\/annaburzynska.pl\/others\/strefa-ZOO\/wp-content\/uploads\/jak-za\u0142ozyc-sklep-zoo-naglowek-kompleks.-300x222.jpg\" alt=\"\" width=\"300\" height=\"222\" \/><p class=\"wp-caption-text\">Tylko na targach wszystkie produkty know-how za\u0142o\u017cenia i rozwijania sklepu zoologicznego 50% taniej!<\/p><\/div>\n<p>&nbsp;<\/p>\n<p>Serdecznie zapraszam<\/p>\n<p>&nbsp;<\/p>\n<p>&nbsp;<\/p>\n<p><strong>Co b\u0119dzie mo\u017cna tam zobaczy\u0107?<\/strong><\/p>\n<p>Wybitni specjali\u015bci z zakresu hodowli zwierz\u0105t wezm\u0105 udzia\u0142 w Salonie Zoologicznym AQUA&amp;ZOO, aby opowiedzie\u0107 o trendach w od\u017cywianiu, piel\u0119gnacji i opiece nad domowymi pupilami. O tym, jakie potrzeby maj\u0105 wsp\u00f3\u0142cze\u015bnie \u017cyj\u0105ce zwierz\u0119ta, dowiedz\u0105 si\u0119 mi\u0142o\u015bnicy domowych pupili, kt\u00f3rzy b\u0119d\u0105 uczestniczy\u0107 w inspiruj\u0105cych pokazach oraz licznych warsztatach.<\/p>\n<p>&nbsp;<\/p>\n<p><strong>\u015awi\u0119to dla mi\u0142o\u015bnik\u00f3w zwierz\u0105t<\/strong><\/p>\n<p>&nbsp;<\/p>\n<p>Wielkie \u015bwi\u0119to dla mi\u0142o\u015bnik\u00f3w wszystkich zwierz\u0105t towarzysz\u0105cych &#8211; Salon Zoologiczny AQUA&amp;ZOO &#8211; odb\u0119dzie si\u0119 w dniach <strong>25-26 pa\u017adziernika<\/strong> na terenie Mi\u0119dzynarodowych Targ\u00f3w Pozna\u0144skich. Przez dwa dni Pozna\u0144 stanie si\u0119 miejscem popularyzacji wiedzy na temat r\u00f3\u017cnych gatunk\u00f3w zwierz\u0105t domowych. \u2013 <em>Liczymy na to, \u017ce<strong> pawilon 4<\/strong>, w kt\u00f3rym odb\u0119dzie si\u0119 tegoroczna edycja AQUA&amp;ZOO zgromadzi tysi\u0105ce sympatyk\u00f3w domowych pupili<\/em> \u2013 m\u00f3wi Barbara Vogt, dyrektor projektu. \u2013<em> Gwarantujemy, \u017ce zwiedzaj\u0105cy z zapartym tchem b\u0119d\u0105 przygl\u0105da\u0107 si\u0119 wystawie i pr\u00f3cz popularnych gatunk\u00f3w zwierz\u0105t poznaj\u0105 te\u017c rzadziej spotykane osobniki, kt\u00f3re z powodzeniem mo\u017cna hodowa\u0107 w naszych domach<\/em> \u2013 dodaje.<\/p>\n<p>&nbsp;<\/p>\n<p><strong>Po raz pierwszy ca\u0142a zoologia<\/strong><\/p>\n<p>&nbsp;<\/p>\n<p>AQUA&amp;ZOO to wydarzenie skierowane do mi\u0142o\u015bnik\u00f3w akwarystyki, terrarystyki, a tak\u017ce os\u00f3b kochaj\u0105cych psy, koty, \u015bwinki morskie, chomiki oraz inne zwierz\u0119ta towarzysz\u0105ce. Na targi zapraszamy szerok\u0105 publiczno\u015b\u0107 poszukuj\u0105c\u0105 fachowej wiedzy i kompleksowej informacji o najnowszych produktach. Wystawcami targ\u00f3w s\u0105 producenci i dystrybutorzy oferuj\u0105cy w swym asortymencie produkty dla wszystkich gatunk\u00f3w zwierz\u0105t domowych. Swoj\u0105 ofert\u0119 zaprezentuj\u0105 tak\u017ce przedstawiciele us\u0142ug zwianych z hodowl\u0105, tresur\u0105 i piel\u0119gnacj\u0105 pupili oraz fundacje i stowarzyszenia.<\/p>\n<p>Myszy pigmejskie i kraby pustelniki, czyli bogaty wachlarz atrakcji Podczas targ\u00f3w atmosfer\u0119 z pewno\u015bci\u0105 podgrzeje Wystawa Zwierz\u0105t Egzotycznych przygotowana przez<\/p>\n<p>Uniwersytet Przyrodniczy w Poznaniu oraz Mi\u0119dzynarodowe Targi Pozna\u0144skie. Zwiedzaj\u0105cy z bliska b\u0119d\u0105 mogli podziwia\u0107 niesamowity zwierzyniec, w sk\u0142ad kt\u00f3rego wejd\u0105 m.in.: myszy pigmejskie, drewnojady, \u017c\u00f3\u0142wie jaszczurowate, czy kraby pustelniki.<\/p>\n<p>&nbsp;<\/p>\n<p><strong>Inne informacje kt\u00f3re powiniene\u015b wiedzie\u0107:<\/strong><\/p>\n<p>Data: 25-26.10.2014r.<\/p>\n<p>Miejsce: Mi\u0119dzynarodowe Targi Pozna\u0144skie, paw. 4<\/p>\n<p>Godziny otwarcia :<\/p>\n<p>\u2022 25 pa\u017adziernika &#8211; 10.00 \u2013 18.00<\/p>\n<p>\u2022 26 pa\u017adziernika &#8211; 10.00 \u2013 17.00<\/p>\n<p>Ceny bilet\u00f3w:<\/p>\n<p>\u2022 bilet jednorazowy 17 z\u0142\/os.<\/p>\n<p>\u2022 bilet rodzinny jednorazowy (min. 3 osoby w tym jedno dziecko mi\u0119dzy 3, a 13 rokiem \u017cycia) 12z\u0142\/os.<\/p>\n<p>\u2022 bilet szkolny jednorazowy 12 z\u0142\/os.<\/p>\n<p>\u2022 dzieci do lat 3 wst\u0119p bezp\u0142atny<\/p>\n<p>Parking na terenie MTP \u2013 15z\u0142\/dzie\u0144 &#8211; wjazd od ul. \u015aniadeckich.<\/p>\n<p>&nbsp;<\/p>\n<p>&nbsp;<\/p>\n<p>Krzysztof Burzy\u0144ski<\/p>\n<p>www.strefazoo.info<\/p>\n","protected":false},"excerpt":{"rendered":"<p>Pozna\u0144 s\u0142ynie z targ\u00f3w. Targi zoologiczne a w\u0142a\u015bciwie Salon zoologiczny AQUA&amp;ZOO to kolejne miejsce spotka\u0144 bran\u017cy na kt\u00f3re zapraszam. To co najbardziej zainteresuje czytelnik\u00f3w mojej strony\u00a0 to prawdopodobnie Og\u00f3lnopolskie Forum Bran\u017cy Zoologicznej<\/p>\n","protected":false},"author":2,"featured_media":3189,"comment_status":"open","ping_status":"open","sticky":false,"template":"","format":"standard","meta":[],"categories":[187],"tags":[135,137,67,136,112,104],"_links":{"self":[{"href":"http:\/\/annaburzynska.pl\/others\/strefa-ZOO\/wp-json\/wp\/v2\/posts\/3180"}],"collection":[{"href":"http:\/\/annaburzynska.pl\/others\/strefa-ZOO\/wp-json\/wp\/v2\/posts"}],"about":[{"href":"http:\/\/annaburzynska.pl\/others\/strefa-ZOO\/wp-json\/wp\/v2\/types\/post"}],"author":[{"embeddable":true,"href":"http:\/\/annaburzynska.pl\/others\/strefa-ZOO\/wp-json\/wp\/v2\/users\/2"}],"replies":[{"embeddable":true,"href":"http:\/\/annaburzynska.pl\/others\/strefa-ZOO\/wp-json\/wp\/v2\/comments?post=3180"}],"version-history":[{"count":18,"href":"http:\/\/annaburzynska.pl\/others\/strefa-ZOO\/wp-json\/wp\/v2\/posts\/3180\/revisions"}],"predecessor-version":[{"id":3202,"href":"http:\/\/annaburzynska.pl\/others\/strefa-ZOO\/wp-json\/wp\/v2\/posts\/3180\/revisions\/3202"}],"wp:featuredmedia":[{"embeddable":true,"href":"http:\/\/annaburzynska.pl\/others\/strefa-ZOO\/wp-json\/wp\/v2\/media\/3189"}],"wp:attachment":[{"href":"http:\/\/annaburzynska.pl\/others\/strefa-ZOO\/wp-json\/wp\/v2\/media?parent=3180"}],"wp:term":[{"taxonomy":"category","embeddable":true,"href":"http:\/\/annaburzynska.pl\/others\/strefa-ZOO\/wp-json\/wp\/v2\/categories?post=3180"},{"taxonomy":"post_tag","embeddable":true,"href":"http:\/\/annaburzynska.pl\/others\/strefa-ZOO\/wp-json\/wp\/v2\/tags?post=3180"}],"curies":[{"name":"wp","href":"https:\/\/api.w.org\/{rel}","templated":true}]}}